{"id":1628,"date":"2021-02-18T19:46:31","date_gmt":"2021-02-18T18:46:31","guid":{"rendered":"http:\/\/silknow.eu\/?p=1628"},"modified":"2021-02-22T20:48:48","modified_gmt":"2021-02-22T19:48:48","slug":"ciclo-de-conferencias-instituto-cervantes-varsovia","status":"publish","type":"post","link":"https:\/\/silknow.eu\/index.php\/ciclo-de-conferencias-instituto-cervantes-varsovia\/","title":{"rendered":"Ciclo de conferencias Instituto Cervantes Varsovia"},"content":{"rendered":"\n<p>Nuestro socio, el<a rel=\"noreferrer noopener\" href=\"https:\/\/www.cervantes.es\/default.htm\" target=\"_blank\"> Instituto Cervante<\/a>s, a trav\u00e9s de su centro en <a rel=\"noreferrer noopener\" href=\"https:\/\/varsovia.cervantes.es\/pl\/default.shtm\" target=\"_blank\">Varsovia<\/a>, Polonia, organiza entre febrero y marzo, el ciclo de conferencias  \u201c<strong><a href=\"https:\/\/cultura.cervantes.es\/varsovia\/es\/modas-y-patrones\/140337\" target=\"_blank\" rel=\"noreferrer noopener\">Modas y patrones<\/a><\/strong>\u201d, en las que se abordar\u00e1n desde lo que son las tendencias en la indumentaria hasta la publicidad. <\/p>\n\n\n\n<figure class=\"wp-block-image size-large\"><img loading=\"lazy\" decoding=\"async\" width=\"577\" height=\"342\" src=\"https:\/\/silknow.eu\/wp-content\/uploads\/espolin-garin-ramito-gris_578x342.jpg\" alt=\"\" class=\"wp-image-1643\" srcset=\"https:\/\/silknow.eu\/wp-content\/uploads\/espolin-garin-ramito-gris_578x342.jpg 577w, https:\/\/silknow.eu\/wp-content\/uploads\/espolin-garin-ramito-gris_578x342-300x178.jpg 300w\" sizes=\"auto, (max-width: 577px) 100vw, 577px\" \/><\/figure>\n\n\n\n<p>Todas las conferencias son en l\u00ednea y se podr\u00e1n ver a trav\u00e9s de su canal de <a href=\"https:\/\/www.youtube.com\/user\/ICervantesVarsovia\" target=\"_blank\" rel=\"noreferrer noopener\">YouTube<\/a>.<\/p>\n\n\n\n<h4 class=\"wp-block-heading\"><strong>Moda: Entre tradici\u00f3n y tecnolog\u00eda<\/strong><\/h4>\n\n\n\n<p>25\/02\/2021 a las 18:30&nbsp;<\/p>\n\n\n\n<ul class=\"wp-block-list\"><li><a href=\"https:\/\/www.uv.es\/uvweb\/college\/en\/profile\/ester-alba-pagan-1285950309813\/PersExtern.html?id=1286019364807&amp;idA=true\" target=\"_blank\" rel=\"noreferrer noopener\">Ester Alba<\/a>, profesora&nbsp;<\/li><li><a href=\"https:\/\/www.mnw.art.pl\/\" target=\"_blank\" rel=\"noreferrer noopener\">Ewa Mianowska<\/a>, historiadora del arte&nbsp;<\/li><li><a href=\"http:\/\/www.iat.p.lodz.pl\/Dr_hab_inz_Marcin__Barburski_-_profesor_uczelni,37,5\" target=\"_blank\" rel=\"noreferrer noopener\">Marcin Barburski<\/a>, profesor&nbsp;<\/li><li><a href=\"https:\/\/ww.asp.waw.pl\/mgr-aleksandra-jatczak\/\" target=\"_blank\" rel=\"noreferrer noopener\">Aleksandra Jatczak-Repe\u0107<\/a>, historiadora del arte, profesora&nbsp;<\/li><\/ul>\n\n\n\n<h4 class=\"wp-block-heading\"><strong>Moda y tecnolog\u00eda: Un homenaje a la seda<\/strong><\/h4>\n\n\n\n<p>27\/02\/2021 a las 18:30<\/p>\n\n\n\n<ul class=\"wp-block-list\"><li>Patryk Wojciechowski, dise\u00f1ador&nbsp;<\/li><li><a href=\"http:\/\/www.monkeyfab.com\/\" target=\"_blank\" rel=\"noreferrer noopener\">Twardo Pawel<\/a>, dise\u00f1ador&nbsp;<\/li><li>Sylwia Marsza\u0142ek-Jeneralczyk, escultora&nbsp;<\/li><li>Jakub Kubicki, violin, m\u00fasico&nbsp;<\/li><\/ul>\n\n\n\n<h4 class=\"wp-block-heading\"><strong>La mujer no nace, se hace<\/strong><\/h4>\n\n\n\n<p>08\/03\/2021 a las 18:30<\/p>\n\n\n\n<ul class=\"wp-block-list\"><li>Ariana Harwicz, escritora<\/li><li>Grzegorz Uzda\u0144ski, escritor<\/li><li>Katarzyna Moszczynska, fil\u00f3loga<\/li><li>Barbara Jaroszuk, traductorao&nbsp;<\/li><\/ul>\n\n\n\n<h4 class=\"wp-block-heading\"><strong>Influencias en la moda<\/strong><\/h4>\n\n\n\n<p>18\/03\/2021 a las 18:30<\/p>\n\n\n\n<ul class=\"wp-block-list\"><li><a rel=\"noreferrer noopener\" href=\"https:\/\/culture.pl\/pl\/autor\/karolina-sulej\" target=\"_blank\">Karolina Sulej<\/a>, periodista<\/li><li><a rel=\"noreferrer noopener\" href=\"https:\/\/www.vogue.pl\/redakcja\" target=\"_blank\">Hanna Rydlewska<\/a>, periodista<\/li><li><a rel=\"noreferrer noopener\" href=\"https:\/\/www.kozminski.edu.pl\/pl\/spolecznosc\/wizytowka\/prof-alk-dr-hab-aleksandra-przegalinska-skierkowska\" target=\"_blank\">Aleksandra Przegalinska-Skierkowska <\/a>, fil\u00f3sofa<\/li><li><a rel=\"noreferrer noopener\" href=\"http:\/\/www.culturaydeporte.gob.es\/mtraje\/inicio.html\" target=\"_blank\">Juan Guti\u00e9rrez<\/a><\/li><\/ul>\n\n\n\n<h4 class=\"wp-block-heading\"><strong>La publicidad como patr\u00f3n de seducci\u00f3n<\/strong><\/h4>\n\n\n\n<p>29\/03\/2021 a las 18:30<\/p>\n\n\n\n<ul class=\"wp-block-list\"><li>Oriol Villar, artista&nbsp;<\/li><\/ul>\n","protected":false},"excerpt":{"rendered":"<p>Nuestro socio, el Instituto Cervantes, a trav\u00e9s de su centro en Varsovia, Polonia, organiza entre febrero y marzo, el ciclo de conferencias \u201cModas y patrones\u201d, en las que se abordar\u00e1n desde lo que son las tendencias en la indumentaria hasta la publicidad. Todas las conferencias son en l\u00ednea y se podr\u00e1n ver a trav\u00e9s de&hellip;<\/p>\n<p><a class=\"more-link\" href=\"https:\/\/silknow.eu\/index.php\/ciclo-de-conferencias-instituto-cervantes-varsovia\/\" title=\"Continue reading &lsquo;Ciclo de conferencias Instituto Cervantes Varsovia&rsquo;\">Continue reading <span class=\"meta-nav\">&rarr;<\/span><\/a><\/p>\n","protected":false},"author":2,"featured_media":0,"comment_status":"closed","ping_status":"closed","sticky":false,"template":"","format":"standard","meta":{"footnotes":""},"categories":[24],"tags":[],"class_list":["post-1628","post","type-post","status-publish","format-standard","hentry","category-news"],"_links":{"self":[{"href":"https:\/\/silknow.eu\/index.php\/wp-json\/wp\/v2\/posts\/1628","targetHints":{"allow":["GET"]}}],"collection":[{"href":"https:\/\/silknow.eu\/index.php\/wp-json\/wp\/v2\/posts"}],"about":[{"href":"https:\/\/silknow.eu\/index.php\/wp-json\/wp\/v2\/types\/post"}],"author":[{"embeddable":true,"href":"https:\/\/silknow.eu\/index.php\/wp-json\/wp\/v2\/users\/2"}],"replies":[{"embeddable":true,"href":"https:\/\/silknow.eu\/index.php\/wp-json\/wp\/v2\/comments?post=1628"}],"version-history":[{"count":7,"href":"https:\/\/silknow.eu\/index.php\/wp-json\/wp\/v2\/posts\/1628\/revisions"}],"predecessor-version":[{"id":1644,"href":"https:\/\/silknow.eu\/index.php\/wp-json\/wp\/v2\/posts\/1628\/revisions\/1644"}],"wp:attachment":[{"href":"https:\/\/silknow.eu\/index.php\/wp-json\/wp\/v2\/media?parent=1628"}],"wp:term":[{"taxonomy":"category","embeddable":true,"href":"https:\/\/silknow.eu\/index.php\/wp-json\/wp\/v2\/categories?post=1628"},{"taxonomy":"post_tag","embeddable":true,"href":"https:\/\/silknow.eu\/index.php\/wp-json\/wp\/v2\/tags?post=1628"}],"curies":[{"name":"wp","href":"https:\/\/api.w.org\/{rel}","templated":true}]}}